{"id":190,"date":"2021-11-20T12:00:00","date_gmt":"2021-11-20T11:00:00","guid":{"rendered":"https:\/\/wirgestaltenev.de\/alexkenia\/?p=190"},"modified":"2021-11-20T12:25:41","modified_gmt":"2021-11-20T11:25:41","slug":"kenia","status":"publish","type":"post","link":"https:\/\/wirgestaltenev.de\/alexkenia\/kenia\/","title":{"rendered":"Alex in Kenia"},"content":{"rendered":"\n<p>Hallo alle zusammen! <\/p>\n\n\n\n<p class=\"has-text-align-left\">Meine Name ist Alex, ich bin 27 Jahre alt und arbeite f\u00fcr den Verein WIR GESTALTEN e.V. im Berliner Stadtteil Wedding. <strong>F\u00fcr die, die mich noch nicht kennen:<\/strong> seit Juni 2018 bin ich im Verein t\u00e4tig. Zun\u00e4chst als Honorarkraft im Rahmen des Kiezcaf\u00e9s und seit April 2021 als Werkstudent im Projekt <strong>&#8222;Check it out!&#8220;<\/strong><\/p>\n\n\n\n<p>Wie der Name Werkstudent schon verr\u00e4t, bin ich auch Student. Ich studiere auf Lehramt in den F\u00e4chern Sport und Englisch an der Humboldt-Universit\u00e4t zu Berlin. Wie es halt so ist im Lehramtsstudium  (sowie vermutlich auch in jedem anderen Studium) sind Praxiserfahrungen ein wichtiger Bestandteil &#8211; wie praktisch das der Verein eng mit einer Schule in Nairobi, Kenia zusammenarbeit: das <strong>Uzimatele Educational Centre<\/strong>. Schon zu Beginn meiner Zeit bei WIR GESTALTEN hat das Projekt gro\u00dfes Interesse in mir geweckt. Das Ziel: <strong>DA MUSST DU UNBEDINGT HIN!<\/strong> <\/p>\n\n\n\n<p><strong>Gesagt getan<\/strong>: einer der f\u00fcr mich sch\u00f6nsten Momente im Leben sind diese, wenn Vorstellungen zur Realit\u00e4t werden. Am <strong>14. Oktober 2021<\/strong> kam der besagte Tag. Nach unruhigen Wochen mit Aufl\u00f6sung der Wohnung, Umzug, Freunden und Familie auf Wiedersehen sagen, die Lieblingskneipe verabschieden, starteten meine Freunden Anni und ich <em>p\u00fcntklich<\/em> um 8 Uhr (was am BER schon eine \u00dcberschrift in den Tageszeitungen verdient hat) mit dem Flieger nach Nairobi&#8230; <\/p>\n\n\n\n<figure class=\"wp-block-image size-large is-resized is-style-rounded\"><img fetchpriority=\"high\" decoding=\"async\" src=\"https:\/\/wirgestaltenev.de\/alexkenia\/wp-content\/uploads\/WhatsApp-Image-2021-11-20-at-14.02.31-576x1024.jpeg\" alt=\"\" class=\"wp-image-195\" width=\"181\" height=\"321\" srcset=\"https:\/\/wirgestaltenev.de\/alexkenia\/wp-content\/uploads\/WhatsApp-Image-2021-11-20-at-14.02.31-576x1024.jpeg 576w, https:\/\/wirgestaltenev.de\/alexkenia\/wp-content\/uploads\/WhatsApp-Image-2021-11-20-at-14.02.31-169x300.jpeg 169w, https:\/\/wirgestaltenev.de\/alexkenia\/wp-content\/uploads\/WhatsApp-Image-2021-11-20-at-14.02.31-768x1365.jpeg 768w, https:\/\/wirgestaltenev.de\/alexkenia\/wp-content\/uploads\/WhatsApp-Image-2021-11-20-at-14.02.31-864x1536.jpeg 864w, https:\/\/wirgestaltenev.de\/alexkenia\/wp-content\/uploads\/WhatsApp-Image-2021-11-20-at-14.02.31.jpeg 1152w\" sizes=\"(max-width: 181px) 100vw, 181px\" \/><figcaption>Anni und ich kurz vorm Boarding<\/figcaption><\/figure>\n\n\n\n<p>&#8230; F\u00fcnf Wochen sp\u00e4ter sitze ich gem\u00fctlich ich im Garten von Helen (Mitglied im Vorstand von Uzimatele) bei einer Tasse Kaffee und genie\u00dfe den leichten Windzug bei prallem Sonnenschein. Und das im November. <\/p>\n\n\n\n<figure class=\"wp-block-image size-large is-resized is-style-default\"><img decoding=\"async\" src=\"https:\/\/wirgestaltenev.de\/alexkenia\/wp-content\/uploads\/WhatsApp-Image-2021-11-20-at-14.01.57-1024x768.jpeg\" alt=\"\" class=\"wp-image-196\" width=\"301\" height=\"225\" srcset=\"https:\/\/wirgestaltenev.de\/alexkenia\/wp-content\/uploads\/WhatsApp-Image-2021-11-20-at-14.01.57-1024x768.jpeg 1024w, https:\/\/wirgestaltenev.de\/alexkenia\/wp-content\/uploads\/WhatsApp-Image-2021-11-20-at-14.01.57-300x225.jpeg 300w, https:\/\/wirgestaltenev.de\/alexkenia\/wp-content\/uploads\/WhatsApp-Image-2021-11-20-at-14.01.57-768x576.jpeg 768w, https:\/\/wirgestaltenev.de\/alexkenia\/wp-content\/uploads\/WhatsApp-Image-2021-11-20-at-14.01.57-1536x1152.jpeg 1536w, https:\/\/wirgestaltenev.de\/alexkenia\/wp-content\/uploads\/WhatsApp-Image-2021-11-20-at-14.01.57-1200x900.jpeg 1200w, https:\/\/wirgestaltenev.de\/alexkenia\/wp-content\/uploads\/WhatsApp-Image-2021-11-20-at-14.01.57-1980x1485.jpeg 1980w, https:\/\/wirgestaltenev.de\/alexkenia\/wp-content\/uploads\/WhatsApp-Image-2021-11-20-at-14.01.57.jpeg 2048w\" sizes=\"(max-width: 301px) 100vw, 301px\" \/><figcaption>Im Garten bei Helen<\/figcaption><\/figure>\n\n\n\n<p>Mittlerweile ist eine Menge passiert und ich f\u00fchle mich <em>angekommen<\/em>. Angekommen in einem fremden Land und einer fremden Kultur. In diesem Blog m\u00f6chte ich allen Mitgliedern und Interessierten am Verein sowie Familie, Freunden und Bekannten auf dem Laufenden halten und von der Arbeit an der Schule und meinen Erlebnissen berichten. <\/p>\n\n\n\n<p>Ab n\u00e4chster Woche erfolgt ein erster Bericht zu den ersten f\u00fcnf Wochen in Kenia. Bleibt alle sch\u00f6n gesund und passt gut auf euch auf! <\/p>\n\n\n\n<p><strong>Wakati muema!<\/strong><\/p>\n\n\n\n<p>Liebe Gr\u00fc\u00dfe aus Kenia, <br>Alex<\/p>\n","protected":false},"excerpt":{"rendered":"<p>Hallo alle zusammen! Meine Name ist Alex, ich bin 27 Jahre alt und arbeite f\u00fcr den Verein WIR GESTALTEN e.V. im Berliner Stadtteil Wedding. F\u00fcr die, die mich noch nicht kennen: seit Juni 2018 bin ich im Verein t\u00e4tig. Zun\u00e4chst als Honorarkraft im Rahmen des Kiezcaf\u00e9s und seit April 2021 als Werkstudent im Projekt &#8222;Check [&hellip;]<\/p>\n","protected":false},"author":14,"featured_media":197,"comment_status":"closed","ping_status":"closed","sticky":false,"template":"","format":"standard","meta":{"footnotes":""},"categories":[1],"tags":[],"class_list":["post-190","post","type-post","status-publish","format-standard","has-post-thumbnail","hentry","category-allgemein"],"_links":{"self":[{"href":"https:\/\/wirgestaltenev.de\/alexkenia\/wp-json\/wp\/v2\/posts\/190","targetHints":{"allow":["GET"]}}],"collection":[{"href":"https:\/\/wirgestaltenev.de\/alexkenia\/wp-json\/wp\/v2\/posts"}],"about":[{"href":"https:\/\/wirgestaltenev.de\/alexkenia\/wp-json\/wp\/v2\/types\/post"}],"author":[{"embeddable":true,"href":"https:\/\/wirgestaltenev.de\/alexkenia\/wp-json\/wp\/v2\/users\/14"}],"replies":[{"embeddable":true,"href":"https:\/\/wirgestaltenev.de\/alexkenia\/wp-json\/wp\/v2\/comments?post=190"}],"version-history":[{"count":2,"href":"https:\/\/wirgestaltenev.de\/alexkenia\/wp-json\/wp\/v2\/posts\/190\/revisions"}],"predecessor-version":[{"id":198,"href":"https:\/\/wirgestaltenev.de\/alexkenia\/wp-json\/wp\/v2\/posts\/190\/revisions\/198"}],"wp:featuredmedia":[{"embeddable":true,"href":"https:\/\/wirgestaltenev.de\/alexkenia\/wp-json\/wp\/v2\/media\/197"}],"wp:attachment":[{"href":"https:\/\/wirgestaltenev.de\/alexkenia\/wp-json\/wp\/v2\/media?parent=190"}],"wp:term":[{"taxonomy":"category","embeddable":true,"href":"https:\/\/wirgestaltenev.de\/alexkenia\/wp-json\/wp\/v2\/categories?post=190"},{"taxonomy":"post_tag","embeddable":true,"href":"https:\/\/wirgestaltenev.de\/alexkenia\/wp-json\/wp\/v2\/tags?post=190"}],"curies":[{"name":"wp","href":"https:\/\/api.w.org\/{rel}","templated":true}]}}